{"id":40,"date":"2023-08-23T09:40:56","date_gmt":"2023-08-23T07:40:56","guid":{"rendered":"http:\/\/chateaudesfaures.fr\/?p=40"},"modified":"2026-02-05T15:26:07","modified_gmt":"2026-02-05T14:26:07","slug":"chambre-dhote-gironde","status":"publish","type":"post","link":"https:\/\/chateaudesfaures.fr\/es\/chambre-dhote-gironde\/","title":{"rendered":"Habitaci\u00f3n para personas con movilidad reducida"},"content":{"rendered":"<p>Chateau des Faures, una encantadora casa de hu\u00e9spedes con un parque arbolado, situada cerca de Saint-Emilion en Gironda, le invita a descubrir sus servicios tur\u00edsticos ideales para las personas mayores para un fin de semana tranquilo en el campo.<br \/>\nLa Maison des Aur\u00e9lines presenta su habitaci\u00f3n de hu\u00e9spedes Queyssant. Habitaci\u00f3n en planta baja acondicionada para personas con movilidad reducida, denominada \u201cTurismo y Discapacidad\u201d.<br \/>\nMuy espacioso y agradable, con cama de 140 cm, con ba\u00f1o equipado con ducha a ras de suelo y aseo privado.<\/p>\n<ul>\n<li>Cuna gratuita (bajo petici\u00f3n)<\/li>\n<li>Sala de estar y una peque\u00f1a cocina contigua disponibles bajo petici\u00f3n<\/li>\n<li>Tour por la propiedad y degustaci\u00f3n gratuita<\/li>\n<li>Restaurantes cercanos<\/li>\n<\/ul>\n<h2>Tarifa 2023<\/h2>\n<p>La noche para 2 personas = 72\u20ac desayuno incluido (descuento a partir de 2 noches).<br \/>\nCama supletoria = 15\u20ac (bajo petici\u00f3n)<\/p>\n<div class=\"bloc_prix\">72 \u20ac<\/div>\n<p><\/p>","protected":false},"excerpt":{"rendered":"<p>Chateau des Faures, una encantadora casa de hu\u00e9spedes con un parque arbolado, situada cerca de Saint-Emilion en Gironda, le invita a descubrir sus servicios tur\u00edsticos ideales para las personas mayores para un fin de semana tranquilo en el campo. La Maison des Aur\u00e9lines presenta su habitaci\u00f3n de hu\u00e9spedes Queyssant. Habitaci\u00f3n en planta baja acondicionada para &hellip; <\/p>\n<p class=\"link-more\"><a href=\"https:\/\/chateaudesfaures.fr\/es\/chambre-dhote-gironde\/\" class=\"more-link\">Continue reading<span class=\"screen-reader-text\"> \u00abHabitaci\u00f3n para personas con movilidad reducida\u00bb<\/span><\/a><\/p>\n","protected":false},"author":2,"featured_media":66,"comment_status":"closed","ping_status":"closed","sticky":false,"template":"","format":"standard","meta":{"footnotes":""},"categories":[3],"tags":[23,22,25,24,21,8,7,10,9,6,13,12,15,14,11,18,17,20,19,16],"class_list":["post-40","post","type-post","status-publish","format-standard","has-post-thumbnail","hentry","category-chambre-dhote-bordeaux","tag-chambre-dhote-bassin-darcachon","tag-chambre-dhote-bordeaux","tag-chambre-dhote-dordogne","tag-chambre-dhote-gironde","tag-chambre-dhote-saint-emilion","tag-degustation-de-vin-bassin-darcachon","tag-degustation-de-vin-bordeaux","tag-degustation-de-vin-dordogne","tag-degustation-de-vin-gironde","tag-degustation-de-vin-saint-emilion","tag-sejour-oenologique-bassin-darcachon","tag-sejour-oenologique-bordeaux","tag-sejour-oenologique-dordogne","tag-sejour-oenologique-gironde","tag-sejour-oenologique-saint-emilion","tag-vente-de-vin-bassin-darcachon","tag-vente-de-vin-bordeaux","tag-vente-de-vin-dordogne","tag-vente-de-vin-gironde","tag-vente-de-vin-saint-emilion"],"yoast_head":"<!-- This site is optimized with the Yoast SEO Premium plugin v26.1 (Yoast SEO v27.5) - https:\/\/yoast.com\/product\/yoast-seo-premium-wordpress\/ -->\n<title>Chambre d&#039;h\u00f4te Gironde - Chambre d&#039;h\u00f4te Gironde - Chateau De...<\/title>\n<meta name=\"description\" content=\"Ch\u00e2teau Des Faures, un havre de paix pour une Chambre d&#039;h\u00f4te \u00e0 Saint Emilion, Bordeaux, le Bassin d&#039;Arcachon, la Gironde et la Dordogne.\" \/>\n<meta name=\"robots\" content=\"index, follow, max-snippet:-1, max-image-preview:large, max-video-preview:-1\" \/>\n<link rel=\"canonical\" href=\"https:\/\/chateaudesfaures.fr\/es\/chambre-dhote-gironde\/\" \/>\n<meta property=\"og:locale\" content=\"es_ES\" \/>\n<meta property=\"og:type\" content=\"article\" \/>\n<meta property=\"og:title\" content=\"Chambre d&#039;h\u00f4te Gironde - Chambre d&#039;h\u00f4te Gironde - Chateau De...\" \/>\n<meta property=\"og:description\" content=\"Ch\u00e2teau Des Faures, un havre de paix pour une Chambre d&#039;h\u00f4te \u00e0 Saint Emilion, Bordeaux, le Bassin d&#039;Arcachon, la Gironde et la Dordogne.\" \/>\n<meta property=\"og:url\" content=\"https:\/\/chateaudesfaures.fr\/chambre-dhote-gironde\/\" \/>\n<meta property=\"og:site_name\" content=\"Chambre d\u2019h\u00f4te Saint-\u00c9milion - Chambre d\u2019h\u00f4te Bordeaux - Chateau Des Faures\" \/>\n<meta property=\"article:published_time\" content=\"2023-08-23T07:40:56+00:00\" \/>\n<meta property=\"article:modified_time\" content=\"2026-02-05T14:26:07+00:00\" \/>\n<meta property=\"og:image\" content=\"https:\/\/chateaudesfaures.fr\/wp-content\/uploads\/chateau-des-faures-chambre-mobilite-01.jpg\" \/>\n\t<meta property=\"og:image:width\" content=\"1250\" \/>\n\t<meta property=\"og:image:height\" content=\"938\" \/>\n\t<meta property=\"og:image:type\" content=\"image\/jpeg\" \/>\n<meta name=\"author\" content=\"admin-client\" \/>\n<meta name=\"twitter:card\" content=\"summary_large_image\" \/>\n<meta name=\"twitter:label1\" content=\"Escrito por\" \/>\n\t<meta name=\"twitter:data1\" content=\"admin-client\" \/>\n\t<meta name=\"twitter:label2\" content=\"Tiempo de lectura\" \/>\n\t<meta name=\"twitter:data2\" content=\"3 minutos\" \/>\n<script type=\"application\/ld+json\" class=\"yoast-schema-graph\">{\"@context\":\"https:\\\/\\\/schema.org\",\"@graph\":[{\"@type\":\"Article\",\"@id\":\"https:\\\/\\\/chateaudesfaures.fr\\\/chambre-dhote-gironde\\\/#article\",\"isPartOf\":{\"@id\":\"https:\\\/\\\/chateaudesfaures.fr\\\/chambre-dhote-gironde\\\/\"},\"author\":{\"name\":\"admin-client\",\"@id\":\"https:\\\/\\\/chateaudesfaures.fr\\\/#\\\/schema\\\/person\\\/77428fed475e13ea2893c9005dd34640\"},\"headline\":\"Habitaci\u00f3n para personas con movilidad reducida\",\"datePublished\":\"2023-08-23T07:40:56+00:00\",\"dateModified\":\"2026-02-05T14:26:07+00:00\",\"mainEntityOfPage\":{\"@id\":\"https:\\\/\\\/chateaudesfaures.fr\\\/chambre-dhote-gironde\\\/\"},\"wordCount\":807,\"publisher\":{\"@id\":\"https:\\\/\\\/chateaudesfaures.fr\\\/#organization\"},\"image\":{\"@id\":\"https:\\\/\\\/chateaudesfaures.fr\\\/chambre-dhote-gironde\\\/#primaryimage\"},\"thumbnailUrl\":\"https:\\\/\\\/chateaudesfaures.fr\\\/wp-content\\\/uploads\\\/chateau-des-faures-chambre-mobilite-01.jpg\",\"keywords\":[\"Chambre d'h\u00f4te Bassin d'Arcachon\",\"Chambre d'h\u00f4te Bordeaux\",\"Chambre d'h\u00f4te Dordogne\",\"Chambre d'h\u00f4te Gironde\",\"Chambre d'h\u00f4te Saint-\u00c9milion\",\"D\u00e9gustation de vin Bassin d'Arcachon\",\"D\u00e9gustation de vin Bordeaux\",\"D\u00e9gustation de vin Dordogne\",\"D\u00e9gustation de vin Gironde\",\"D\u00e9gustation de vin Saint-\u00c9milion\",\"S\u00e9jour oenologique Bassin d'Arcachon\",\"S\u00e9jour oenologique Bordeaux\",\"S\u00e9jour oenologique Dordogne\",\"S\u00e9jour oenologique Gironde\",\"S\u00e9jour oenologique Saint-\u00c9milion\",\"Vente de vin Bassin d'Arcachon\",\"Vente de vin Bordeaux\",\"Vente de vin Dordogne\",\"Vente de vin Gironde\",\"Vente de vin Saint-\u00c9milion\"],\"articleSection\":[\"Nuestras habitaciones\"],\"inLanguage\":\"es\"},{\"@type\":\"WebPage\",\"@id\":\"https:\\\/\\\/chateaudesfaures.fr\\\/chambre-dhote-gironde\\\/\",\"url\":\"https:\\\/\\\/chateaudesfaures.fr\\\/chambre-dhote-gironde\\\/\",\"name\":\"Chambre d'h\u00f4te Gironde - Chambre d'h\u00f4te Gironde - Chateau De...\",\"isPartOf\":{\"@id\":\"https:\\\/\\\/chateaudesfaures.fr\\\/#website\"},\"primaryImageOfPage\":{\"@id\":\"https:\\\/\\\/chateaudesfaures.fr\\\/chambre-dhote-gironde\\\/#primaryimage\"},\"image\":{\"@id\":\"https:\\\/\\\/chateaudesfaures.fr\\\/chambre-dhote-gironde\\\/#primaryimage\"},\"thumbnailUrl\":\"https:\\\/\\\/chateaudesfaures.fr\\\/wp-content\\\/uploads\\\/chateau-des-faures-chambre-mobilite-01.jpg\",\"datePublished\":\"2023-08-23T07:40:56+00:00\",\"dateModified\":\"2026-02-05T14:26:07+00:00\",\"description\":\"Ch\u00e2teau Des Faures, un havre de paix pour une Chambre d'h\u00f4te \u00e0 Saint Emilion, Bordeaux, le Bassin d'Arcachon, la Gironde et la Dordogne.\",\"inLanguage\":\"es\",\"potentialAction\":[{\"@type\":\"ReadAction\",\"target\":[\"https:\\\/\\\/chateaudesfaures.fr\\\/chambre-dhote-gironde\\\/\"]}]},{\"@type\":\"ImageObject\",\"inLanguage\":\"es\",\"@id\":\"https:\\\/\\\/chateaudesfaures.fr\\\/chambre-dhote-gironde\\\/#primaryimage\",\"url\":\"https:\\\/\\\/chateaudesfaures.fr\\\/wp-content\\\/uploads\\\/chateau-des-faures-chambre-mobilite-01.jpg\",\"contentUrl\":\"https:\\\/\\\/chateaudesfaures.fr\\\/wp-content\\\/uploads\\\/chateau-des-faures-chambre-mobilite-01.jpg\",\"width\":1250,\"height\":938},{\"@type\":\"WebSite\",\"@id\":\"https:\\\/\\\/chateaudesfaures.fr\\\/#website\",\"url\":\"https:\\\/\\\/chateaudesfaures.fr\\\/\",\"name\":\"Chambre d\u2019h\u00f4te Saint-\u00c9milion - Chambre d\u2019h\u00f4te Bordeaux - Chateau Des Faures\",\"description\":\"Chambre d\u2019h\u00f4te Saint-\u00c9milion - Chambre d\u2019h\u00f4te Bordeaux - Chateau Des Faures\",\"publisher\":{\"@id\":\"https:\\\/\\\/chateaudesfaures.fr\\\/#organization\"},\"potentialAction\":[{\"@type\":\"SearchAction\",\"target\":{\"@type\":\"EntryPoint\",\"urlTemplate\":\"https:\\\/\\\/chateaudesfaures.fr\\\/?s={search_term_string}\"},\"query-input\":{\"@type\":\"PropertyValueSpecification\",\"valueRequired\":true,\"valueName\":\"search_term_string\"}}],\"inLanguage\":\"es\"},{\"@type\":\"Organization\",\"@id\":\"https:\\\/\\\/chateaudesfaures.fr\\\/#organization\",\"name\":\"Chambre d\u2019h\u00f4te Saint-\u00c9milion - Chambre d\u2019h\u00f4te Bordeaux - Chateau Des Faures\",\"url\":\"https:\\\/\\\/chateaudesfaures.fr\\\/\",\"logo\":{\"@type\":\"ImageObject\",\"inLanguage\":\"es\",\"@id\":\"https:\\\/\\\/chateaudesfaures.fr\\\/#\\\/schema\\\/logo\\\/image\\\/\",\"url\":\"https:\\\/\\\/chateaudesfaures.fr\\\/wp-content\\\/uploads\\\/chateau-des-faures-logo.png\",\"contentUrl\":\"https:\\\/\\\/chateaudesfaures.fr\\\/wp-content\\\/uploads\\\/chateau-des-faures-logo.png\",\"width\":713,\"height\":254,\"caption\":\"Chambre d\u2019h\u00f4te Saint-\u00c9milion - Chambre d\u2019h\u00f4te Bordeaux - Chateau Des Faures\"},\"image\":{\"@id\":\"https:\\\/\\\/chateaudesfaures.fr\\\/#\\\/schema\\\/logo\\\/image\\\/\"}},{\"@type\":\"Person\",\"@id\":\"https:\\\/\\\/chateaudesfaures.fr\\\/#\\\/schema\\\/person\\\/77428fed475e13ea2893c9005dd34640\",\"name\":\"admin-client\"}]}<\/script>\n<!-- \/ Yoast SEO Premium plugin. -->","yoast_head_json":{"title":"Chambre d'h\u00f4te Gironde - Chambre d'h\u00f4te Gironde - Chateau De...","description":"Ch\u00e2teau Des Faures, un havre de paix pour une Chambre d'h\u00f4te \u00e0 Saint Emilion, Bordeaux, le Bassin d'Arcachon, la Gironde et la Dordogne.","robots":{"index":"index","follow":"follow","max-snippet":"max-snippet:-1","max-image-preview":"max-image-preview:large","max-video-preview":"max-video-preview:-1"},"canonical":"https:\/\/chateaudesfaures.fr\/es\/chambre-dhote-gironde\/","og_locale":"es_ES","og_type":"article","og_title":"Chambre d'h\u00f4te Gironde - Chambre d'h\u00f4te Gironde - Chateau De...","og_description":"Ch\u00e2teau Des Faures, un havre de paix pour une Chambre d'h\u00f4te \u00e0 Saint Emilion, Bordeaux, le Bassin d'Arcachon, la Gironde et la Dordogne.","og_url":"https:\/\/chateaudesfaures.fr\/chambre-dhote-gironde\/","og_site_name":"Chambre d\u2019h\u00f4te Saint-\u00c9milion - Chambre d\u2019h\u00f4te Bordeaux - Chateau Des Faures","article_published_time":"2023-08-23T07:40:56+00:00","article_modified_time":"2026-02-05T14:26:07+00:00","og_image":[{"width":1250,"height":938,"url":"https:\/\/chateaudesfaures.fr\/wp-content\/uploads\/chateau-des-faures-chambre-mobilite-01.jpg","type":"image\/jpeg"}],"author":"admin-client","twitter_card":"summary_large_image","twitter_misc":{"Escrito por":"admin-client","Tiempo de lectura":"3 minutos"},"schema":{"@context":"https:\/\/schema.org","@graph":[{"@type":"Article","@id":"https:\/\/chateaudesfaures.fr\/chambre-dhote-gironde\/#article","isPartOf":{"@id":"https:\/\/chateaudesfaures.fr\/chambre-dhote-gironde\/"},"author":{"name":"admin-client","@id":"https:\/\/chateaudesfaures.fr\/#\/schema\/person\/77428fed475e13ea2893c9005dd34640"},"headline":"Habitaci\u00f3n para personas con movilidad reducida","datePublished":"2023-08-23T07:40:56+00:00","dateModified":"2026-02-05T14:26:07+00:00","mainEntityOfPage":{"@id":"https:\/\/chateaudesfaures.fr\/chambre-dhote-gironde\/"},"wordCount":807,"publisher":{"@id":"https:\/\/chateaudesfaures.fr\/#organization"},"image":{"@id":"https:\/\/chateaudesfaures.fr\/chambre-dhote-gironde\/#primaryimage"},"thumbnailUrl":"https:\/\/chateaudesfaures.fr\/wp-content\/uploads\/chateau-des-faures-chambre-mobilite-01.jpg","keywords":["Chambre d'h\u00f4te Bassin d'Arcachon","Chambre d'h\u00f4te Bordeaux","Chambre d'h\u00f4te Dordogne","Chambre d'h\u00f4te Gironde","Chambre d'h\u00f4te Saint-\u00c9milion","D\u00e9gustation de vin Bassin d'Arcachon","D\u00e9gustation de vin Bordeaux","D\u00e9gustation de vin Dordogne","D\u00e9gustation de vin Gironde","D\u00e9gustation de vin Saint-\u00c9milion","S\u00e9jour oenologique Bassin d'Arcachon","S\u00e9jour oenologique Bordeaux","S\u00e9jour oenologique Dordogne","S\u00e9jour oenologique Gironde","S\u00e9jour oenologique Saint-\u00c9milion","Vente de vin Bassin d'Arcachon","Vente de vin Bordeaux","Vente de vin Dordogne","Vente de vin Gironde","Vente de vin Saint-\u00c9milion"],"articleSection":["Nuestras habitaciones"],"inLanguage":"es"},{"@type":"WebPage","@id":"https:\/\/chateaudesfaures.fr\/chambre-dhote-gironde\/","url":"https:\/\/chateaudesfaures.fr\/chambre-dhote-gironde\/","name":"Chambre d'h\u00f4te Gironde - Chambre d'h\u00f4te Gironde - Chateau De...","isPartOf":{"@id":"https:\/\/chateaudesfaures.fr\/#website"},"primaryImageOfPage":{"@id":"https:\/\/chateaudesfaures.fr\/chambre-dhote-gironde\/#primaryimage"},"image":{"@id":"https:\/\/chateaudesfaures.fr\/chambre-dhote-gironde\/#primaryimage"},"thumbnailUrl":"https:\/\/chateaudesfaures.fr\/wp-content\/uploads\/chateau-des-faures-chambre-mobilite-01.jpg","datePublished":"2023-08-23T07:40:56+00:00","dateModified":"2026-02-05T14:26:07+00:00","description":"Ch\u00e2teau Des Faures, un havre de paix pour une Chambre d'h\u00f4te \u00e0 Saint Emilion, Bordeaux, le Bassin d'Arcachon, la Gironde et la Dordogne.","inLanguage":"es","potentialAction":[{"@type":"ReadAction","target":["https:\/\/chateaudesfaures.fr\/chambre-dhote-gironde\/"]}]},{"@type":"ImageObject","inLanguage":"es","@id":"https:\/\/chateaudesfaures.fr\/chambre-dhote-gironde\/#primaryimage","url":"https:\/\/chateaudesfaures.fr\/wp-content\/uploads\/chateau-des-faures-chambre-mobilite-01.jpg","contentUrl":"https:\/\/chateaudesfaures.fr\/wp-content\/uploads\/chateau-des-faures-chambre-mobilite-01.jpg","width":1250,"height":938},{"@type":"WebSite","@id":"https:\/\/chateaudesfaures.fr\/#website","url":"https:\/\/chateaudesfaures.fr\/","name":"Chambre d\u2019h\u00f4te Saint-\u00c9milion - Chambre d\u2019h\u00f4te Bordeaux - Chateau Des Faures","description":"Chambre d\u2019h\u00f4te Saint-\u00c9milion - Chambre d\u2019h\u00f4te Bordeaux - Chateau Des Faures","publisher":{"@id":"https:\/\/chateaudesfaures.fr\/#organization"},"potentialAction":[{"@type":"SearchAction","target":{"@type":"EntryPoint","urlTemplate":"https:\/\/chateaudesfaures.fr\/?s={search_term_string}"},"query-input":{"@type":"PropertyValueSpecification","valueRequired":true,"valueName":"search_term_string"}}],"inLanguage":"es"},{"@type":"Organization","@id":"https:\/\/chateaudesfaures.fr\/#organization","name":"Chambre d\u2019h\u00f4te Saint-\u00c9milion - Chambre d\u2019h\u00f4te Bordeaux - Chateau Des Faures","url":"https:\/\/chateaudesfaures.fr\/","logo":{"@type":"ImageObject","inLanguage":"es","@id":"https:\/\/chateaudesfaures.fr\/#\/schema\/logo\/image\/","url":"https:\/\/chateaudesfaures.fr\/wp-content\/uploads\/chateau-des-faures-logo.png","contentUrl":"https:\/\/chateaudesfaures.fr\/wp-content\/uploads\/chateau-des-faures-logo.png","width":713,"height":254,"caption":"Chambre d\u2019h\u00f4te Saint-\u00c9milion - Chambre d\u2019h\u00f4te Bordeaux - Chateau Des Faures"},"image":{"@id":"https:\/\/chateaudesfaures.fr\/#\/schema\/logo\/image\/"}},{"@type":"Person","@id":"https:\/\/chateaudesfaures.fr\/#\/schema\/person\/77428fed475e13ea2893c9005dd34640","name":"admin-client"}]}},"_links":{"self":[{"href":"https:\/\/chateaudesfaures.fr\/es\/wp-json\/wp\/v2\/posts\/40","targetHints":{"allow":["GET"]}}],"collection":[{"href":"https:\/\/chateaudesfaures.fr\/es\/wp-json\/wp\/v2\/posts"}],"about":[{"href":"https:\/\/chateaudesfaures.fr\/es\/wp-json\/wp\/v2\/types\/post"}],"author":[{"embeddable":true,"href":"https:\/\/chateaudesfaures.fr\/es\/wp-json\/wp\/v2\/users\/2"}],"replies":[{"embeddable":true,"href":"https:\/\/chateaudesfaures.fr\/es\/wp-json\/wp\/v2\/comments?post=40"}],"version-history":[{"count":9,"href":"https:\/\/chateaudesfaures.fr\/es\/wp-json\/wp\/v2\/posts\/40\/revisions"}],"predecessor-version":[{"id":2636,"href":"https:\/\/chateaudesfaures.fr\/es\/wp-json\/wp\/v2\/posts\/40\/revisions\/2636"}],"wp:featuredmedia":[{"embeddable":true,"href":"https:\/\/chateaudesfaures.fr\/es\/wp-json\/wp\/v2\/media\/66"}],"wp:attachment":[{"href":"https:\/\/chateaudesfaures.fr\/es\/wp-json\/wp\/v2\/media?parent=40"}],"wp:term":[{"taxonomy":"category","embeddable":true,"href":"https:\/\/chateaudesfaures.fr\/es\/wp-json\/wp\/v2\/categories?post=40"},{"taxonomy":"post_tag","embeddable":true,"href":"https:\/\/chateaudesfaures.fr\/es\/wp-json\/wp\/v2\/tags?post=40"}],"curies":[{"name":"wp","href":"https:\/\/api.w.org\/{rel}","templated":true}]}}