{"id":125,"date":"2023-08-23T16:17:57","date_gmt":"2023-08-23T14:17:57","guid":{"rendered":"http:\/\/chateaudesfaures.fr\/?p=125"},"modified":"2023-11-08T09:45:35","modified_gmt":"2023-11-08T08:45:35","slug":"degustation-oenotourisme","status":"publish","type":"post","link":"https:\/\/chateaudesfaures.fr\/es\/degustation-oenotourisme\/","title":{"rendered":"Cata de enoturismo"},"content":{"rendered":"<p>Ch\u00e2teau des Faures presenta sus vinos tintos elaborados en la zona de denominaci\u00f3n de origen Castillon C\u00f4tes de Bordeaux.<\/p>\n<p>Desde la cosecha de 2008, C\u00f4tes de Castillon se ha convertido en Castillon-C\u00f4tes de Bordeaux, reuniendo nueve municipios con una diversidad de terru\u00f1os y paisajes inolvidables.<\/p>\n<p>Destacamos principalmente tres variedades de uva para nuestros vinos de Burdeos: Merlot en su mayor\u00eda, Cabernet Franc y Cabernet Sauvignon, que se encuentran en los vinos tintos con los nombres de Ch\u00e2teau des Faures y Vieux Ch\u00e2teau de Noailles.<\/p>","protected":false},"excerpt":{"rendered":"<p>Ch\u00e2teau des Faures presenta sus vinos tintos elaborados en la zona de denominaci\u00f3n de origen Castillon C\u00f4tes de Bordeaux. Desde la cosecha de 2008, C\u00f4tes de Castillon se ha convertido en Castillon-C\u00f4tes de Bordeaux, reuniendo nueve municipios con una diversidad de terru\u00f1os y paisajes inolvidables. Destacamos principalmente tres variedades de uva para nuestros vinos de &hellip; <\/p>\n<p class=\"link-more\"><a href=\"https:\/\/chateaudesfaures.fr\/es\/degustation-oenotourisme\/\" class=\"more-link\">Continue reading<span class=\"screen-reader-text\"> \u00abCata de enoturismo\u00bb<\/span><\/a><\/p>\n","protected":false},"author":2,"featured_media":0,"comment_status":"closed","ping_status":"closed","sticky":false,"template":"","format":"standard","meta":{"footnotes":""},"categories":[4],"tags":[23,22,25,24,21,8,7,10,9,6,13,12,15,14,11,18,17,20,19,16],"class_list":["post-125","post","type-post","status-publish","format-standard","hentry","category-guide-touristique","tag-chambre-dhote-bassin-darcachon","tag-chambre-dhote-bordeaux","tag-chambre-dhote-dordogne","tag-chambre-dhote-gironde","tag-chambre-dhote-saint-emilion","tag-degustation-de-vin-bassin-darcachon","tag-degustation-de-vin-bordeaux","tag-degustation-de-vin-dordogne","tag-degustation-de-vin-gironde","tag-degustation-de-vin-saint-emilion","tag-sejour-oenologique-bassin-darcachon","tag-sejour-oenologique-bordeaux","tag-sejour-oenologique-dordogne","tag-sejour-oenologique-gironde","tag-sejour-oenologique-saint-emilion","tag-vente-de-vin-bassin-darcachon","tag-vente-de-vin-bordeaux","tag-vente-de-vin-dordogne","tag-vente-de-vin-gironde","tag-vente-de-vin-saint-emilion"],"yoast_head":"<!-- This site is optimized with the Yoast SEO Premium plugin v26.1 (Yoast SEO v27.5) - https:\/\/yoast.com\/product\/yoast-seo-premium-wordpress\/ -->\n<title>Cata de enoturismo - Chambre d\u2019h\u00f4te Saint-\u00c9milion - Chambre d\u2019h\u00f4te Bordeaux - Chateau Des Faures<\/title>\n<meta name=\"robots\" content=\"index, follow, max-snippet:-1, max-image-preview:large, max-video-preview:-1\" \/>\n<link rel=\"canonical\" href=\"https:\/\/chateaudesfaures.fr\/es\/degustation-oenotourisme\/\" \/>\n<meta property=\"og:locale\" content=\"es_ES\" \/>\n<meta property=\"og:type\" content=\"article\" \/>\n<meta property=\"og:title\" content=\"Cata de enoturismo - Chambre d\u2019h\u00f4te Saint-\u00c9milion - Chambre d\u2019h\u00f4te Bordeaux - Chateau Des Faures\" \/>\n<meta property=\"og:url\" content=\"https:\/\/chateaudesfaures.fr\/degustation-oenotourisme\/\" \/>\n<meta property=\"og:site_name\" content=\"Chambre d\u2019h\u00f4te Saint-\u00c9milion - Chambre d\u2019h\u00f4te Bordeaux - Chateau Des Faures\" \/>\n<meta property=\"article:published_time\" content=\"2023-08-23T14:17:57+00:00\" \/>\n<meta property=\"article:modified_time\" content=\"2023-11-08T08:45:35+00:00\" \/>\n<meta property=\"og:image\" content=\"https:\/\/chateaudesfaures.fr\/wp-content\/uploads\/chateau-des-faures-logo.png\" \/>\n\t<meta property=\"og:image:width\" content=\"713\" \/>\n\t<meta property=\"og:image:height\" content=\"254\" \/>\n\t<meta property=\"og:image:type\" content=\"image\/png\" \/>\n<meta name=\"author\" content=\"admin-client\" \/>\n<meta name=\"twitter:card\" content=\"summary_large_image\" \/>\n<meta name=\"twitter:label1\" content=\"Escrito por\" \/>\n\t<meta name=\"twitter:data1\" content=\"admin-client\" \/>\n<script type=\"application\/ld+json\" class=\"yoast-schema-graph\">{\"@context\":\"https:\\\/\\\/schema.org\",\"@graph\":[{\"@type\":\"Article\",\"@id\":\"https:\\\/\\\/chateaudesfaures.fr\\\/degustation-oenotourisme\\\/#article\",\"isPartOf\":{\"@id\":\"https:\\\/\\\/chateaudesfaures.fr\\\/degustation-oenotourisme\\\/\"},\"author\":{\"name\":\"admin-client\",\"@id\":\"https:\\\/\\\/chateaudesfaures.fr\\\/#\\\/schema\\\/person\\\/77428fed475e13ea2893c9005dd34640\"},\"headline\":\"Cata de enoturismo\",\"datePublished\":\"2023-08-23T14:17:57+00:00\",\"dateModified\":\"2023-11-08T08:45:35+00:00\",\"mainEntityOfPage\":{\"@id\":\"https:\\\/\\\/chateaudesfaures.fr\\\/degustation-oenotourisme\\\/\"},\"wordCount\":270,\"publisher\":{\"@id\":\"https:\\\/\\\/chateaudesfaures.fr\\\/#organization\"},\"keywords\":[\"Chambre d'h\u00f4te Bassin d'Arcachon\",\"Chambre d'h\u00f4te Bordeaux\",\"Chambre d'h\u00f4te Dordogne\",\"Chambre d'h\u00f4te Gironde\",\"Chambre d'h\u00f4te Saint-\u00c9milion\",\"D\u00e9gustation de vin Bassin d'Arcachon\",\"D\u00e9gustation de vin Bordeaux\",\"D\u00e9gustation de vin Dordogne\",\"D\u00e9gustation de vin Gironde\",\"D\u00e9gustation de vin Saint-\u00c9milion\",\"S\u00e9jour oenologique Bassin d'Arcachon\",\"S\u00e9jour oenologique Bordeaux\",\"S\u00e9jour oenologique Dordogne\",\"S\u00e9jour oenologique Gironde\",\"S\u00e9jour oenologique Saint-\u00c9milion\",\"Vente de vin Bassin d'Arcachon\",\"Vente de vin Bordeaux\",\"Vente de vin Dordogne\",\"Vente de vin Gironde\",\"Vente de vin Saint-\u00c9milion\"],\"articleSection\":[\"Gu\u00eda tur\u00edstica\"],\"inLanguage\":\"es\"},{\"@type\":\"WebPage\",\"@id\":\"https:\\\/\\\/chateaudesfaures.fr\\\/degustation-oenotourisme\\\/\",\"url\":\"https:\\\/\\\/chateaudesfaures.fr\\\/degustation-oenotourisme\\\/\",\"name\":\"Cata de enoturismo - Chambre d\u2019h\u00f4te Saint-\u00c9milion - Chambre d\u2019h\u00f4te Bordeaux - Chateau Des Faures\",\"isPartOf\":{\"@id\":\"https:\\\/\\\/chateaudesfaures.fr\\\/#website\"},\"datePublished\":\"2023-08-23T14:17:57+00:00\",\"dateModified\":\"2023-11-08T08:45:35+00:00\",\"inLanguage\":\"es\",\"potentialAction\":[{\"@type\":\"ReadAction\",\"target\":[\"https:\\\/\\\/chateaudesfaures.fr\\\/degustation-oenotourisme\\\/\"]}]},{\"@type\":\"WebSite\",\"@id\":\"https:\\\/\\\/chateaudesfaures.fr\\\/#website\",\"url\":\"https:\\\/\\\/chateaudesfaures.fr\\\/\",\"name\":\"Chambre d\u2019h\u00f4te Saint-\u00c9milion - Chambre d\u2019h\u00f4te Bordeaux - Chateau Des Faures\",\"description\":\"Chambre d\u2019h\u00f4te Saint-\u00c9milion - Chambre d\u2019h\u00f4te Bordeaux - Chateau Des Faures\",\"publisher\":{\"@id\":\"https:\\\/\\\/chateaudesfaures.fr\\\/#organization\"},\"potentialAction\":[{\"@type\":\"SearchAction\",\"target\":{\"@type\":\"EntryPoint\",\"urlTemplate\":\"https:\\\/\\\/chateaudesfaures.fr\\\/?s={search_term_string}\"},\"query-input\":{\"@type\":\"PropertyValueSpecification\",\"valueRequired\":true,\"valueName\":\"search_term_string\"}}],\"inLanguage\":\"es\"},{\"@type\":\"Organization\",\"@id\":\"https:\\\/\\\/chateaudesfaures.fr\\\/#organization\",\"name\":\"Chambre d\u2019h\u00f4te Saint-\u00c9milion - Chambre d\u2019h\u00f4te Bordeaux - Chateau Des Faures\",\"url\":\"https:\\\/\\\/chateaudesfaures.fr\\\/\",\"logo\":{\"@type\":\"ImageObject\",\"inLanguage\":\"es\",\"@id\":\"https:\\\/\\\/chateaudesfaures.fr\\\/#\\\/schema\\\/logo\\\/image\\\/\",\"url\":\"https:\\\/\\\/chateaudesfaures.fr\\\/wp-content\\\/uploads\\\/chateau-des-faures-logo.png\",\"contentUrl\":\"https:\\\/\\\/chateaudesfaures.fr\\\/wp-content\\\/uploads\\\/chateau-des-faures-logo.png\",\"width\":713,\"height\":254,\"caption\":\"Chambre d\u2019h\u00f4te Saint-\u00c9milion - Chambre d\u2019h\u00f4te Bordeaux - Chateau Des Faures\"},\"image\":{\"@id\":\"https:\\\/\\\/chateaudesfaures.fr\\\/#\\\/schema\\\/logo\\\/image\\\/\"}},{\"@type\":\"Person\",\"@id\":\"https:\\\/\\\/chateaudesfaures.fr\\\/#\\\/schema\\\/person\\\/77428fed475e13ea2893c9005dd34640\",\"name\":\"admin-client\"}]}<\/script>\n<!-- \/ Yoast SEO Premium plugin. -->","yoast_head_json":{"title":"Cata de enoturismo - Chambre d\u2019h\u00f4te Saint-\u00c9milion - Chambre d\u2019h\u00f4te Bordeaux - Chateau Des Faures","robots":{"index":"index","follow":"follow","max-snippet":"max-snippet:-1","max-image-preview":"max-image-preview:large","max-video-preview":"max-video-preview:-1"},"canonical":"https:\/\/chateaudesfaures.fr\/es\/degustation-oenotourisme\/","og_locale":"es_ES","og_type":"article","og_title":"Cata de enoturismo - Chambre d\u2019h\u00f4te Saint-\u00c9milion - Chambre d\u2019h\u00f4te Bordeaux - Chateau Des Faures","og_url":"https:\/\/chateaudesfaures.fr\/degustation-oenotourisme\/","og_site_name":"Chambre d\u2019h\u00f4te Saint-\u00c9milion - Chambre d\u2019h\u00f4te Bordeaux - Chateau Des Faures","article_published_time":"2023-08-23T14:17:57+00:00","article_modified_time":"2023-11-08T08:45:35+00:00","og_image":[{"width":713,"height":254,"url":"https:\/\/chateaudesfaures.fr\/wp-content\/uploads\/chateau-des-faures-logo.png","type":"image\/png"}],"author":"admin-client","twitter_card":"summary_large_image","twitter_misc":{"Escrito por":"admin-client"},"schema":{"@context":"https:\/\/schema.org","@graph":[{"@type":"Article","@id":"https:\/\/chateaudesfaures.fr\/degustation-oenotourisme\/#article","isPartOf":{"@id":"https:\/\/chateaudesfaures.fr\/degustation-oenotourisme\/"},"author":{"name":"admin-client","@id":"https:\/\/chateaudesfaures.fr\/#\/schema\/person\/77428fed475e13ea2893c9005dd34640"},"headline":"Cata de enoturismo","datePublished":"2023-08-23T14:17:57+00:00","dateModified":"2023-11-08T08:45:35+00:00","mainEntityOfPage":{"@id":"https:\/\/chateaudesfaures.fr\/degustation-oenotourisme\/"},"wordCount":270,"publisher":{"@id":"https:\/\/chateaudesfaures.fr\/#organization"},"keywords":["Chambre d'h\u00f4te Bassin d'Arcachon","Chambre d'h\u00f4te Bordeaux","Chambre d'h\u00f4te Dordogne","Chambre d'h\u00f4te Gironde","Chambre d'h\u00f4te Saint-\u00c9milion","D\u00e9gustation de vin Bassin d'Arcachon","D\u00e9gustation de vin Bordeaux","D\u00e9gustation de vin Dordogne","D\u00e9gustation de vin Gironde","D\u00e9gustation de vin Saint-\u00c9milion","S\u00e9jour oenologique Bassin d'Arcachon","S\u00e9jour oenologique Bordeaux","S\u00e9jour oenologique Dordogne","S\u00e9jour oenologique Gironde","S\u00e9jour oenologique Saint-\u00c9milion","Vente de vin Bassin d'Arcachon","Vente de vin Bordeaux","Vente de vin Dordogne","Vente de vin Gironde","Vente de vin Saint-\u00c9milion"],"articleSection":["Gu\u00eda tur\u00edstica"],"inLanguage":"es"},{"@type":"WebPage","@id":"https:\/\/chateaudesfaures.fr\/degustation-oenotourisme\/","url":"https:\/\/chateaudesfaures.fr\/degustation-oenotourisme\/","name":"Cata de enoturismo - Chambre d\u2019h\u00f4te Saint-\u00c9milion - Chambre d\u2019h\u00f4te Bordeaux - Chateau Des Faures","isPartOf":{"@id":"https:\/\/chateaudesfaures.fr\/#website"},"datePublished":"2023-08-23T14:17:57+00:00","dateModified":"2023-11-08T08:45:35+00:00","inLanguage":"es","potentialAction":[{"@type":"ReadAction","target":["https:\/\/chateaudesfaures.fr\/degustation-oenotourisme\/"]}]},{"@type":"WebSite","@id":"https:\/\/chateaudesfaures.fr\/#website","url":"https:\/\/chateaudesfaures.fr\/","name":"Chambre d\u2019h\u00f4te Saint-\u00c9milion - Chambre d\u2019h\u00f4te Bordeaux - Chateau Des Faures","description":"Chambre d\u2019h\u00f4te Saint-\u00c9milion - Chambre d\u2019h\u00f4te Bordeaux - Chateau Des Faures","publisher":{"@id":"https:\/\/chateaudesfaures.fr\/#organization"},"potentialAction":[{"@type":"SearchAction","target":{"@type":"EntryPoint","urlTemplate":"https:\/\/chateaudesfaures.fr\/?s={search_term_string}"},"query-input":{"@type":"PropertyValueSpecification","valueRequired":true,"valueName":"search_term_string"}}],"inLanguage":"es"},{"@type":"Organization","@id":"https:\/\/chateaudesfaures.fr\/#organization","name":"Chambre d\u2019h\u00f4te Saint-\u00c9milion - Chambre d\u2019h\u00f4te Bordeaux - Chateau Des Faures","url":"https:\/\/chateaudesfaures.fr\/","logo":{"@type":"ImageObject","inLanguage":"es","@id":"https:\/\/chateaudesfaures.fr\/#\/schema\/logo\/image\/","url":"https:\/\/chateaudesfaures.fr\/wp-content\/uploads\/chateau-des-faures-logo.png","contentUrl":"https:\/\/chateaudesfaures.fr\/wp-content\/uploads\/chateau-des-faures-logo.png","width":713,"height":254,"caption":"Chambre d\u2019h\u00f4te Saint-\u00c9milion - Chambre d\u2019h\u00f4te Bordeaux - Chateau Des Faures"},"image":{"@id":"https:\/\/chateaudesfaures.fr\/#\/schema\/logo\/image\/"}},{"@type":"Person","@id":"https:\/\/chateaudesfaures.fr\/#\/schema\/person\/77428fed475e13ea2893c9005dd34640","name":"admin-client"}]}},"_links":{"self":[{"href":"https:\/\/chateaudesfaures.fr\/es\/wp-json\/wp\/v2\/posts\/125","targetHints":{"allow":["GET"]}}],"collection":[{"href":"https:\/\/chateaudesfaures.fr\/es\/wp-json\/wp\/v2\/posts"}],"about":[{"href":"https:\/\/chateaudesfaures.fr\/es\/wp-json\/wp\/v2\/types\/post"}],"author":[{"embeddable":true,"href":"https:\/\/chateaudesfaures.fr\/es\/wp-json\/wp\/v2\/users\/2"}],"replies":[{"embeddable":true,"href":"https:\/\/chateaudesfaures.fr\/es\/wp-json\/wp\/v2\/comments?post=125"}],"version-history":[{"count":3,"href":"https:\/\/chateaudesfaures.fr\/es\/wp-json\/wp\/v2\/posts\/125\/revisions"}],"predecessor-version":[{"id":224,"href":"https:\/\/chateaudesfaures.fr\/es\/wp-json\/wp\/v2\/posts\/125\/revisions\/224"}],"wp:attachment":[{"href":"https:\/\/chateaudesfaures.fr\/es\/wp-json\/wp\/v2\/media?parent=125"}],"wp:term":[{"taxonomy":"category","embeddable":true,"href":"https:\/\/chateaudesfaures.fr\/es\/wp-json\/wp\/v2\/categories?post=125"},{"taxonomy":"post_tag","embeddable":true,"href":"https:\/\/chateaudesfaures.fr\/es\/wp-json\/wp\/v2\/tags?post=125"}],"curies":[{"name":"wp","href":"https:\/\/api.w.org\/{rel}","templated":true}]}}